{"id":3445,"date":"2025-11-03T15:24:49","date_gmt":"2025-11-03T14:24:49","guid":{"rendered":"https:\/\/www.emsplace.eu\/?p=3445"},"modified":"2025-11-12T15:36:13","modified_gmt":"2025-11-12T14:36:13","slug":"sidec-2025-2","status":"publish","type":"post","link":"https:\/\/www.emsplace.eu\/en\/novice\/sidec-2025-2\/","title":{"rendered":"Uspe\u0161na udele\u017eba na sejmu SIDEC 2025"},"content":{"rendered":"<h2>\n\t\t\tUspe\u0161na udele\u017eba na sejmu SIDEC 2025\t<\/h2>\n\t<p>The\u00a0<strong>SIDEC<\/strong>, ki je letos potekal v Celju med 21. in 24. oktobrom 2025 je bil za nas eden najuspe\u0161nej\u0161ih sejmov v leto\u0161njem letu!<\/p>\n<p>Predstavili smo se v okviru dveh na\u0161ih oddelkov &#8211; oddelka\u00a0<a href=\"https:\/\/www.emsplace.eu\/en\/\"><strong>EMSplace<\/strong><\/a>, znotraj katerega razvijamo in izdelujemo napredno elektroniko za najzahtevnej\u0161e aplikacije ter oddelka za ozna\u010devanje, pakiranje in lepljenje (<strong>OPL oddelek)<\/strong>.<\/p>\n<p>Poleg vsakodnevnega velika obiska, smo bili veseli tudi nad pri\u010dakovanji lepega \u0161tevila ljudi na z na\u0161e strani organiziranem dogodku &#8220;<strong>Beer&amp;Connect&#8221;<\/strong>, ki se je odvil na na\u0161em razstavnem prostoru. Dogodek je bil namenjen na\u0161im partnerjem, so-razstavljavcem in ostalim osebno povabljenim. Mre\u017eili smo se ob testiranju odli\u010dnega buti\u010dnega, lokalnega piva CLEF. Vsekakor se bomo sejma tudi v naslednjem letu udele\u017eili, saj smo poleg vsega postali tudi uradni \u010dlani neodvisnega gospodarskega interesnega zdru\u017eenja\u00a0<a href=\"https:\/\/www.giz-gois.eu\/\"><strong>GOIS<\/strong><\/a>!<\/p>\n\t<p><strong>Utrinki iz sejma<\/strong><\/p>\n\t\t<iframe loading=\"lazy\" title=\"SIDEC 2025\" width=\"500\" height=\"281\" src=\"https:\/\/www.youtube.com\/embed\/REvG6ScUXC4?feature=oembed\" frameborder=\"0\" allow=\"accelerometer; autoplay; clipboard-write; encrypted-media; gyroscope; picture-in-picture; web-share\" referrerpolicy=\"strict-origin-when-cross-origin\" allowfullscreen><\/iframe>\t\n\t<p><strong>Dogodek &#8220;Beer&amp;Connect&#8221;<\/strong><\/p>\n\t\t<iframe loading=\"lazy\" title=\"SIDEC 2025 Beer&amp;Connect\" width=\"500\" height=\"281\" src=\"https:\/\/www.youtube.com\/embed\/CqpZtOYgHt4?feature=oembed\" frameborder=\"0\" allow=\"accelerometer; autoplay; clipboard-write; encrypted-media; gyroscope; picture-in-picture; web-share\" referrerpolicy=\"strict-origin-when-cross-origin\" allowfullscreen><\/iframe>","protected":false},"excerpt":{"rendered":"<p>Sejem SIDEC, ki je letos potekal v Celju med 21. in 24. oktobrom 2025 je bil za nas eden najuspe\u0161nej\u0161ih sejmov v leto\u0161njem letu!<\/p>","protected":false},"author":3,"featured_media":3417,"comment_status":"closed","ping_status":"open","sticky":false,"template":"","format":"standard","meta":{"site-sidebar-layout":"default","site-content-layout":"","ast-site-content-layout":"default","site-content-style":"default","site-sidebar-style":"default","ast-global-header-display":"","ast-banner-title-visibility":"","ast-main-header-display":"","ast-hfb-above-header-display":"","ast-hfb-below-header-display":"","ast-hfb-mobile-header-display":"","site-post-title":"","ast-breadcrumbs-content":"","ast-featured-img":"","footer-sml-layout":"","ast-disable-related-posts":"","theme-transparent-header-meta":"","adv-header-id-meta":"","stick-header-meta":"","header-above-stick-meta":"","header-main-stick-meta":"","header-below-stick-meta":"","astra-migrate-meta-layouts":"set","ast-page-background-enabled":"default","ast-page-background-meta":{"desktop":{"background-color":"","background-image":"","background-repeat":"repeat","background-position":"center center","background-size":"auto","background-attachment":"scroll","background-type":"","background-media":"","overlay-type":"","overlay-color":"","overlay-opacity":"","overlay-gradient":""},"tablet":{"background-color":"","background-image":"","background-repeat":"repeat","background-position":"center center","background-size":"auto","background-attachment":"scroll","background-type":"","background-media":"","overlay-type":"","overlay-color":"","overlay-opacity":"","overlay-gradient":""},"mobile":{"background-color":"","background-image":"","background-repeat":"repeat","background-position":"center center","background-size":"auto","background-attachment":"scroll","background-type":"","background-media":"","overlay-type":"","overlay-color":"","overlay-opacity":"","overlay-gradient":""}},"ast-content-background-meta":{"desktop":{"background-color":"var(--ast-global-color-5)","background-image":"","background-repeat":"repeat","background-position":"center center","background-size":"auto","background-attachment":"scroll","background-type":"","background-media":"","overlay-type":"","overlay-color":"","overlay-opacity":"","overlay-gradient":""},"tablet":{"background-color":"var(--ast-global-color-5)","background-image":"","background-repeat":"repeat","background-position":"center center","background-size":"auto","background-attachment":"scroll","background-type":"","background-media":"","overlay-type":"","overlay-color":"","overlay-opacity":"","overlay-gradient":""},"mobile":{"background-color":"var(--ast-global-color-5)","background-image":"","background-repeat":"repeat","background-position":"center center","background-size":"auto","background-attachment":"scroll","background-type":"","background-media":"","overlay-type":"","overlay-color":"","overlay-opacity":"","overlay-gradient":""}},"footnotes":""},"categories":[1],"tags":[],"class_list":["post-3445","post","type-post","status-publish","format-standard","has-post-thumbnail","hentry","category-novice"],"yoast_head":"<!-- This site is optimized with the Yoast SEO plugin v27.4 - https:\/\/yoast.com\/product\/yoast-seo-wordpress\/ -->\n<title>EMSplace na sejmu SIDEC 2025 v Celju<\/title>\n<meta name=\"description\" content=\"Med 21. in 24. oktobrom 2025 bomo prisotni na sejmu SIDEC 2025 v Celju.\" \/>\n<meta name=\"robots\" content=\"index, follow, max-snippet:-1, max-image-preview:large, max-video-preview:-1\" \/>\n<link rel=\"canonical\" href=\"https:\/\/www.emsplace.eu\/en\/news\/sidec-2025-2\/\" \/>\n<meta property=\"og:locale\" content=\"en_GB\" \/>\n<meta property=\"og:type\" content=\"article\" \/>\n<meta property=\"og:title\" content=\"EMSplace na sejmu SIDEC 2025 v Celju\" \/>\n<meta property=\"og:description\" content=\"Med 21. in 24. oktobrom 2025 bomo prisotni na sejmu SIDEC 2025 v Celju.\" \/>\n<meta property=\"og:url\" content=\"https:\/\/www.emsplace.eu\/en\/news\/sidec-2025-2\/\" \/>\n<meta property=\"og:site_name\" content=\"emsplace.eu\" \/>\n<meta property=\"article:published_time\" content=\"2025-11-03T14:24:49+00:00\" \/>\n<meta property=\"article:modified_time\" content=\"2025-11-12T14:36:13+00:00\" \/>\n<meta property=\"og:image\" content=\"https:\/\/www.emsplace.eu\/wp-content\/uploads\/SIDEC_2025_website_banner_01.png\" \/>\n\t<meta property=\"og:image:width\" content=\"600\" \/>\n\t<meta property=\"og:image:height\" content=\"300\" \/>\n\t<meta property=\"og:image:type\" content=\"image\/png\" \/>\n<meta name=\"author\" content=\"marketing\" \/>\n<meta name=\"twitter:card\" content=\"summary_large_image\" \/>\n<meta name=\"twitter:label1\" content=\"Written by\" \/>\n\t<meta name=\"twitter:data1\" content=\"marketing\" \/>\n\t<meta name=\"twitter:label2\" content=\"Estimated reading time\" \/>\n\t<meta name=\"twitter:data2\" content=\"1 minute\" \/>\n<script type=\"application\/ld+json\" class=\"yoast-schema-graph\">{\"@context\":\"https:\\\/\\\/schema.org\",\"@graph\":[{\"@type\":\"Article\",\"@id\":\"https:\\\/\\\/www.emsplace.eu\\\/novice\\\/sidec-2025-2\\\/#article\",\"isPartOf\":{\"@id\":\"https:\\\/\\\/www.emsplace.eu\\\/novice\\\/sidec-2025-2\\\/\"},\"author\":{\"name\":\"marketing\",\"@id\":\"https:\\\/\\\/www.emsplace.eu\\\/#\\\/schema\\\/person\\\/ffe6d6fb68a61245e67e53e00198a35a\"},\"headline\":\"Uspe\u0161na udele\u017eba na sejmu SIDEC 2025\",\"datePublished\":\"2025-11-03T14:24:49+00:00\",\"dateModified\":\"2025-11-12T14:36:13+00:00\",\"mainEntityOfPage\":{\"@id\":\"https:\\\/\\\/www.emsplace.eu\\\/novice\\\/sidec-2025-2\\\/\"},\"wordCount\":160,\"publisher\":{\"@id\":\"https:\\\/\\\/www.emsplace.eu\\\/#organization\"},\"image\":{\"@id\":\"https:\\\/\\\/www.emsplace.eu\\\/novice\\\/sidec-2025-2\\\/#primaryimage\"},\"thumbnailUrl\":\"https:\\\/\\\/www.emsplace.eu\\\/wp-content\\\/uploads\\\/SIDEC_2025_website_banner_01.png\",\"articleSection\":[\"Novice\"],\"inLanguage\":\"en-GB\"},{\"@type\":\"WebPage\",\"@id\":\"https:\\\/\\\/www.emsplace.eu\\\/novice\\\/sidec-2025-2\\\/\",\"url\":\"https:\\\/\\\/www.emsplace.eu\\\/novice\\\/sidec-2025-2\\\/\",\"name\":\"EMSplace na sejmu SIDEC 2025 v Celju\",\"isPartOf\":{\"@id\":\"https:\\\/\\\/www.emsplace.eu\\\/#website\"},\"primaryImageOfPage\":{\"@id\":\"https:\\\/\\\/www.emsplace.eu\\\/novice\\\/sidec-2025-2\\\/#primaryimage\"},\"image\":{\"@id\":\"https:\\\/\\\/www.emsplace.eu\\\/novice\\\/sidec-2025-2\\\/#primaryimage\"},\"thumbnailUrl\":\"https:\\\/\\\/www.emsplace.eu\\\/wp-content\\\/uploads\\\/SIDEC_2025_website_banner_01.png\",\"datePublished\":\"2025-11-03T14:24:49+00:00\",\"dateModified\":\"2025-11-12T14:36:13+00:00\",\"description\":\"Med 21. in 24. oktobrom 2025 bomo prisotni na sejmu SIDEC 2025 v Celju.\",\"breadcrumb\":{\"@id\":\"https:\\\/\\\/www.emsplace.eu\\\/novice\\\/sidec-2025-2\\\/#breadcrumb\"},\"inLanguage\":\"en-GB\",\"potentialAction\":[{\"@type\":\"ReadAction\",\"target\":[\"https:\\\/\\\/www.emsplace.eu\\\/novice\\\/sidec-2025-2\\\/\"]}]},{\"@type\":\"ImageObject\",\"inLanguage\":\"en-GB\",\"@id\":\"https:\\\/\\\/www.emsplace.eu\\\/novice\\\/sidec-2025-2\\\/#primaryimage\",\"url\":\"https:\\\/\\\/www.emsplace.eu\\\/wp-content\\\/uploads\\\/SIDEC_2025_website_banner_01.png\",\"contentUrl\":\"https:\\\/\\\/www.emsplace.eu\\\/wp-content\\\/uploads\\\/SIDEC_2025_website_banner_01.png\",\"width\":600,\"height\":300},{\"@type\":\"BreadcrumbList\",\"@id\":\"https:\\\/\\\/www.emsplace.eu\\\/novice\\\/sidec-2025-2\\\/#breadcrumb\",\"itemListElement\":[{\"@type\":\"ListItem\",\"position\":1,\"name\":\"Home\",\"item\":\"https:\\\/\\\/www.emsplace.eu\\\/en\\\/\"},{\"@type\":\"ListItem\",\"position\":2,\"name\":\"Uspe\u0161na udele\u017eba na sejmu SIDEC 2025\"}]},{\"@type\":\"WebSite\",\"@id\":\"https:\\\/\\\/www.emsplace.eu\\\/#website\",\"url\":\"https:\\\/\\\/www.emsplace.eu\\\/\",\"name\":\"emsplace.eu\",\"description\":\"\",\"publisher\":{\"@id\":\"https:\\\/\\\/www.emsplace.eu\\\/#organization\"},\"potentialAction\":[{\"@type\":\"SearchAction\",\"target\":{\"@type\":\"EntryPoint\",\"urlTemplate\":\"https:\\\/\\\/www.emsplace.eu\\\/?s={search_term_string}\"},\"query-input\":{\"@type\":\"PropertyValueSpecification\",\"valueRequired\":true,\"valueName\":\"search_term_string\"}}],\"inLanguage\":\"en-GB\"},{\"@type\":\"Organization\",\"@id\":\"https:\\\/\\\/www.emsplace.eu\\\/#organization\",\"name\":\"emsplace.eu\",\"url\":\"https:\\\/\\\/www.emsplace.eu\\\/\",\"logo\":{\"@type\":\"ImageObject\",\"inLanguage\":\"en-GB\",\"@id\":\"https:\\\/\\\/www.emsplace.eu\\\/#\\\/schema\\\/logo\\\/image\\\/\",\"url\":\"https:\\\/\\\/www.emsplace.eu\\\/wp-content\\\/uploads\\\/2020\\\/09\\\/emsplace-white.png\",\"contentUrl\":\"https:\\\/\\\/www.emsplace.eu\\\/wp-content\\\/uploads\\\/2020\\\/09\\\/emsplace-white.png\",\"width\":800,\"height\":443,\"caption\":\"emsplace.eu\"},\"image\":{\"@id\":\"https:\\\/\\\/www.emsplace.eu\\\/#\\\/schema\\\/logo\\\/image\\\/\"}},{\"@type\":\"Person\",\"@id\":\"https:\\\/\\\/www.emsplace.eu\\\/#\\\/schema\\\/person\\\/ffe6d6fb68a61245e67e53e00198a35a\",\"name\":\"marketing\",\"image\":{\"@type\":\"ImageObject\",\"inLanguage\":\"en-GB\",\"@id\":\"https:\\\/\\\/secure.gravatar.com\\\/avatar\\\/7b96097308d791d6c4cca51bdacdb410820423d287beeeff07925be1bb9331a8?s=96&d=mm&r=g\",\"url\":\"https:\\\/\\\/secure.gravatar.com\\\/avatar\\\/7b96097308d791d6c4cca51bdacdb410820423d287beeeff07925be1bb9331a8?s=96&d=mm&r=g\",\"contentUrl\":\"https:\\\/\\\/secure.gravatar.com\\\/avatar\\\/7b96097308d791d6c4cca51bdacdb410820423d287beeeff07925be1bb9331a8?s=96&d=mm&r=g\",\"caption\":\"marketing\"},\"url\":\"https:\\\/\\\/www.emsplace.eu\\\/en\\\/novice\\\/author\\\/marketing\\\/\"}]}<\/script>\n<!-- \/ Yoast SEO plugin. -->","yoast_head_json":{"title":"EMSplace at the SIDEC 2025 Fair in Celje","description":"From October 21 to 24, 2025, we will be present at the SIDEC 2025 fair in Celje.","robots":{"index":"index","follow":"follow","max-snippet":"max-snippet:-1","max-image-preview":"max-image-preview:large","max-video-preview":"max-video-preview:-1"},"canonical":"https:\/\/www.emsplace.eu\/en\/news\/sidec-2025-2\/","og_locale":"en_GB","og_type":"article","og_title":"EMSplace na sejmu SIDEC 2025 v Celju","og_description":"Med 21. in 24. oktobrom 2025 bomo prisotni na sejmu SIDEC 2025 v Celju.","og_url":"https:\/\/www.emsplace.eu\/en\/news\/sidec-2025-2\/","og_site_name":"emsplace.eu","article_published_time":"2025-11-03T14:24:49+00:00","article_modified_time":"2025-11-12T14:36:13+00:00","og_image":[{"width":600,"height":300,"url":"https:\/\/www.emsplace.eu\/wp-content\/uploads\/SIDEC_2025_website_banner_01.png","type":"image\/png"}],"author":"marketing","twitter_card":"summary_large_image","twitter_misc":{"Written by":"marketing","Estimated reading time":"1 minute"},"schema":{"@context":"https:\/\/schema.org","@graph":[{"@type":"Article","@id":"https:\/\/www.emsplace.eu\/novice\/sidec-2025-2\/#article","isPartOf":{"@id":"https:\/\/www.emsplace.eu\/novice\/sidec-2025-2\/"},"author":{"name":"marketing","@id":"https:\/\/www.emsplace.eu\/#\/schema\/person\/ffe6d6fb68a61245e67e53e00198a35a"},"headline":"Uspe\u0161na udele\u017eba na sejmu SIDEC 2025","datePublished":"2025-11-03T14:24:49+00:00","dateModified":"2025-11-12T14:36:13+00:00","mainEntityOfPage":{"@id":"https:\/\/www.emsplace.eu\/novice\/sidec-2025-2\/"},"wordCount":160,"publisher":{"@id":"https:\/\/www.emsplace.eu\/#organization"},"image":{"@id":"https:\/\/www.emsplace.eu\/novice\/sidec-2025-2\/#primaryimage"},"thumbnailUrl":"https:\/\/www.emsplace.eu\/wp-content\/uploads\/SIDEC_2025_website_banner_01.png","articleSection":["Novice"],"inLanguage":"en-GB"},{"@type":"WebPage","@id":"https:\/\/www.emsplace.eu\/novice\/sidec-2025-2\/","url":"https:\/\/www.emsplace.eu\/novice\/sidec-2025-2\/","name":"EMSplace at the SIDEC 2025 Fair in Celje","isPartOf":{"@id":"https:\/\/www.emsplace.eu\/#website"},"primaryImageOfPage":{"@id":"https:\/\/www.emsplace.eu\/novice\/sidec-2025-2\/#primaryimage"},"image":{"@id":"https:\/\/www.emsplace.eu\/novice\/sidec-2025-2\/#primaryimage"},"thumbnailUrl":"https:\/\/www.emsplace.eu\/wp-content\/uploads\/SIDEC_2025_website_banner_01.png","datePublished":"2025-11-03T14:24:49+00:00","dateModified":"2025-11-12T14:36:13+00:00","description":"From October 21 to 24, 2025, we will be present at the SIDEC 2025 fair in Celje.","breadcrumb":{"@id":"https:\/\/www.emsplace.eu\/novice\/sidec-2025-2\/#breadcrumb"},"inLanguage":"en-GB","potentialAction":[{"@type":"ReadAction","target":["https:\/\/www.emsplace.eu\/novice\/sidec-2025-2\/"]}]},{"@type":"ImageObject","inLanguage":"en-GB","@id":"https:\/\/www.emsplace.eu\/novice\/sidec-2025-2\/#primaryimage","url":"https:\/\/www.emsplace.eu\/wp-content\/uploads\/SIDEC_2025_website_banner_01.png","contentUrl":"https:\/\/www.emsplace.eu\/wp-content\/uploads\/SIDEC_2025_website_banner_01.png","width":600,"height":300},{"@type":"BreadcrumbList","@id":"https:\/\/www.emsplace.eu\/novice\/sidec-2025-2\/#breadcrumb","itemListElement":[{"@type":"ListItem","position":1,"name":"Home","item":"https:\/\/www.emsplace.eu\/en\/"},{"@type":"ListItem","position":2,"name":"Uspe\u0161na udele\u017eba na sejmu SIDEC 2025"}]},{"@type":"WebSite","@id":"https:\/\/www.emsplace.eu\/#website","url":"https:\/\/www.emsplace.eu\/","name":"emsplace.eu\/en","description":"","publisher":{"@id":"https:\/\/www.emsplace.eu\/#organization"},"potentialAction":[{"@type":"SearchAction","target":{"@type":"EntryPoint","urlTemplate":"https:\/\/www.emsplace.eu\/?s={search_term_string}"},"query-input":{"@type":"PropertyValueSpecification","valueRequired":true,"valueName":"search_term_string"}}],"inLanguage":"en-GB"},{"@type":"Organization","@id":"https:\/\/www.emsplace.eu\/#organization","name":"emsplace.eu\/en","url":"https:\/\/www.emsplace.eu\/","logo":{"@type":"ImageObject","inLanguage":"en-GB","@id":"https:\/\/www.emsplace.eu\/#\/schema\/logo\/image\/","url":"https:\/\/www.emsplace.eu\/wp-content\/uploads\/2020\/09\/emsplace-white.png","contentUrl":"https:\/\/www.emsplace.eu\/wp-content\/uploads\/2020\/09\/emsplace-white.png","width":800,"height":443,"caption":"emsplace.eu"},"image":{"@id":"https:\/\/www.emsplace.eu\/#\/schema\/logo\/image\/"}},{"@type":"Person","@id":"https:\/\/www.emsplace.eu\/#\/schema\/person\/ffe6d6fb68a61245e67e53e00198a35a","name":"marketing","image":{"@type":"ImageObject","inLanguage":"en-GB","@id":"https:\/\/secure.gravatar.com\/avatar\/7b96097308d791d6c4cca51bdacdb410820423d287beeeff07925be1bb9331a8?s=96&d=mm&r=g","url":"https:\/\/secure.gravatar.com\/avatar\/7b96097308d791d6c4cca51bdacdb410820423d287beeeff07925be1bb9331a8?s=96&d=mm&r=g","contentUrl":"https:\/\/secure.gravatar.com\/avatar\/7b96097308d791d6c4cca51bdacdb410820423d287beeeff07925be1bb9331a8?s=96&d=mm&r=g","caption":"marketing"},"url":"https:\/\/www.emsplace.eu\/en\/novice\/author\/marketing\/"}]}},"_links":{"self":[{"href":"https:\/\/www.emsplace.eu\/en\/wp-json\/wp\/v2\/posts\/3445","targetHints":{"allow":["GET"]}}],"collection":[{"href":"https:\/\/www.emsplace.eu\/en\/wp-json\/wp\/v2\/posts"}],"about":[{"href":"https:\/\/www.emsplace.eu\/en\/wp-json\/wp\/v2\/types\/post"}],"author":[{"embeddable":true,"href":"https:\/\/www.emsplace.eu\/en\/wp-json\/wp\/v2\/users\/3"}],"replies":[{"embeddable":true,"href":"https:\/\/www.emsplace.eu\/en\/wp-json\/wp\/v2\/comments?post=3445"}],"version-history":[{"count":3,"href":"https:\/\/www.emsplace.eu\/en\/wp-json\/wp\/v2\/posts\/3445\/revisions"}],"predecessor-version":[{"id":3454,"href":"https:\/\/www.emsplace.eu\/en\/wp-json\/wp\/v2\/posts\/3445\/revisions\/3454"}],"wp:featuredmedia":[{"embeddable":true,"href":"https:\/\/www.emsplace.eu\/en\/wp-json\/wp\/v2\/media\/3417"}],"wp:attachment":[{"href":"https:\/\/www.emsplace.eu\/en\/wp-json\/wp\/v2\/media?parent=3445"}],"wp:term":[{"taxonomy":"category","embeddable":true,"href":"https:\/\/www.emsplace.eu\/en\/wp-json\/wp\/v2\/categories?post=3445"},{"taxonomy":"post_tag","embeddable":true,"href":"https:\/\/www.emsplace.eu\/en\/wp-json\/wp\/v2\/tags?post=3445"}],"curies":[{"name":"wp","href":"https:\/\/api.w.org\/{rel}","templated":true}]}}