{"id":3407,"date":"2025-09-15T13:12:13","date_gmt":"2025-09-15T11:12:13","guid":{"rendered":"https:\/\/www.emsplace.eu\/?p=3407"},"modified":"2025-09-15T13:35:35","modified_gmt":"2025-09-15T11:35:35","slug":"mednarodni-obrtni-sejem-mos-2025","status":"publish","type":"post","link":"https:\/\/www.emsplace.eu\/en\/novice\/mednarodni-obrtni-sejem-mos-2025\/","title":{"rendered":"Obi\u0161\u010dite nas na Mednarodnem obrtnem sejmu (MOS 2025) v Celju!"},"content":{"rendered":"<img decoding=\"async\" src=\"https:\/\/www.emsplace.eu\/wp-content\/uploads\/MOS_2025_web_03.webp\" alt=\"MOS_2025_web_03\" itemprop=\"image\" height=\"156\" width=\"1101\" title=\"MOS_2025_web_03\" onerror=\"this.style.display='none'\" loading=\"lazy\" \/>\n<h2>\n\t\t\tObi\u0161\u010dite nas na Mednarodnem obrtnem sejmu (MOS 2025) v Celju!\t<\/h2>\n\t<p>From <strong>17. in 21. septembrom 2025<\/strong> se bo <strong>v Celju<\/strong> odvijal najve\u010dji poslovni dogodek leta &#8211; <strong>Mednarodni obrtni sejem MOS<\/strong>, ki velja za najpomembnej\u0161i sejemski dogodek v regiji. <strong>EMA d.o.o.<\/strong> bo letos prisotna med razstavljavci in na\u0161im partnerjem ter poslovnim gostom predstavila najnovej\u0161e re\u0161itve in dose\u017eke.<\/p>\n<h2><strong>Kaj lahko pri\u010dakujete na na\u0161em razstavnem prostoru<\/strong><\/h2>\n<p>Predstavili bomo celostne re\u0161itve, ki jih razvijamo in proizvajamo za razli\u010dne industrijske panoge, iz na\u0161ih dveh podro\u010dij dela &#8211; <strong>EMS (razvoj in izdelava napredne elektronike za najrazli\u010dnej\u0161e produkte) <\/strong>ter <a href=\"https:\/\/ema.si\/\"><strong>OPL (Ozna\u010devanje, Pakiranje, Lepljenje)<\/strong><\/a>. Obiskovalci boste lahko spoznali na\u0161e najnovej\u0161e tehnologije in inovacije, ki omogo\u010dajo optimizacijo proizvodnih procesov.<\/p>\n<h2><strong>Prilo\u017enost za osebne stike in nova partnerstva<\/strong><\/h2>\n<p>MOS 2025 predstavlja odli\u010dno prilo\u017enost za obnovo obstoje\u010dih poslovnih stikov in vzpostavitev novih sodelovanj. V \u010dasu, ko se poslovni svet vse bolj vra\u010da k osebnim sre\u010danjem, je sejem idealen prostor za neposredne pogovore, izmenjavo izku\u0161enj in iskanje novih poslovnih prilo\u017enosti.<\/p>\n<p>Za na\u0161e goste smo pripravili <strong>brezpla\u010dne poslovne vstopnice<\/strong>, ki omogo\u010dajo enostaven dostop do sejemskih vsebin in mre\u017eenje z drugimi udele\u017eenci. <strong>Brezpla\u010dne poslovne vstopnice so na voljo v omejenem \u0161tevilu in bodo podeljene do razdelitve<\/strong>. Za pridobitev vstopnice kliknite na gumb spodaj in izpolnite obrazec:<\/p>\n<p><strong><a href=\"https:\/\/ema.si\/mos-2025-vstopnice\/\">https:\/\/ema.si\/mos-2025-vstopnice\/\u00a0<\/a><\/strong><\/p>\n<h2><strong>Vabilo k obisku<\/strong><\/h2>\n<p>Vsi zainteresirani ste vabljeni, da nas obi\u0161\u010dete v <strong>hali K, na razstavnem prostoru 30,<\/strong> in se z nami pogovorite o mo\u017enostih sodelovanja. Na\u0161a ekipa bo na razpolago za predstavitev re\u0161itev, odgovore na vpra\u0161anja in na\u010drtovanje prihodnih projektov.<\/p>\n<p><strong>Kje nas najdete:<\/strong><\/p>\n<ul>\n<li>Datum: <strong>17.-21. september 2025<\/strong><\/li>\n<li>Lokacija: <strong>Mednarodni obrtni sejem MOS 2025, Celje<\/strong><\/li>\n<li>Razstavni prostor: <strong>hala K, razstavni prostor 30<\/strong><\/li>\n<\/ul>\n<p><strong>Veselimo se sre\u010danja in pogovora z vami!<\/strong><\/p>","protected":false},"excerpt":{"rendered":"<p>EMSplace se bomo to leto predstavil na najve\u010djem poslovnem dogodku leta \u2013 Mednarodne obrtnem sejmu MOS 2025.<\/p>","protected":false},"author":9,"featured_media":3408,"comment_status":"closed","ping_status":"open","sticky":false,"template":"","format":"standard","meta":{"site-sidebar-layout":"default","site-content-layout":"","ast-site-content-layout":"default","site-content-style":"default","site-sidebar-style":"default","ast-global-header-display":"","ast-banner-title-visibility":"","ast-main-header-display":"","ast-hfb-above-header-display":"","ast-hfb-below-header-display":"","ast-hfb-mobile-header-display":"","site-post-title":"","ast-breadcrumbs-content":"","ast-featured-img":"","footer-sml-layout":"","ast-disable-related-posts":"","theme-transparent-header-meta":"","adv-header-id-meta":"","stick-header-meta":"","header-above-stick-meta":"","header-main-stick-meta":"","header-below-stick-meta":"","astra-migrate-meta-layouts":"set","ast-page-background-enabled":"default","ast-page-background-meta":{"desktop":{"background-color":"","background-image":"","background-repeat":"repeat","background-position":"center center","background-size":"auto","background-attachment":"scroll","background-type":"","background-media":"","overlay-type":"","overlay-color":"","overlay-opacity":"","overlay-gradient":""},"tablet":{"background-color":"","background-image":"","background-repeat":"repeat","background-position":"center center","background-size":"auto","background-attachment":"scroll","background-type":"","background-media":"","overlay-type":"","overlay-color":"","overlay-opacity":"","overlay-gradient":""},"mobile":{"background-color":"","background-image":"","background-repeat":"repeat","background-position":"center center","background-size":"auto","background-attachment":"scroll","background-type":"","background-media":"","overlay-type":"","overlay-color":"","overlay-opacity":"","overlay-gradient":""}},"ast-content-background-meta":{"desktop":{"background-color":"var(--ast-global-color-5)","background-image":"","background-repeat":"repeat","background-position":"center center","background-size":"auto","background-attachment":"scroll","background-type":"","background-media":"","overlay-type":"","overlay-color":"","overlay-opacity":"","overlay-gradient":""},"tablet":{"background-color":"var(--ast-global-color-5)","background-image":"","background-repeat":"repeat","background-position":"center center","background-size":"auto","background-attachment":"scroll","background-type":"","background-media":"","overlay-type":"","overlay-color":"","overlay-opacity":"","overlay-gradient":""},"mobile":{"background-color":"var(--ast-global-color-5)","background-image":"","background-repeat":"repeat","background-position":"center center","background-size":"auto","background-attachment":"scroll","background-type":"","background-media":"","overlay-type":"","overlay-color":"","overlay-opacity":"","overlay-gradient":""}},"footnotes":""},"categories":[1],"tags":[],"class_list":["post-3407","post","type-post","status-publish","format-standard","has-post-thumbnail","hentry","category-novice"],"yoast_head":"<!-- This site is optimized with the Yoast SEO plugin v27.4 - https:\/\/yoast.com\/product\/yoast-seo-wordpress\/ -->\n<title>Obi\u0161\u010dite nas na Mednarodnem obrtnem sejmu (MOS 2025) v Celju! - emsplace.eu<\/title>\n<meta name=\"robots\" content=\"index, follow, max-snippet:-1, max-image-preview:large, max-video-preview:-1\" \/>\n<link rel=\"canonical\" href=\"https:\/\/www.emsplace.eu\/en\/news\/mednarodni-obrtni-sejem-mos-2025\/\" \/>\n<meta property=\"og:locale\" content=\"en_GB\" \/>\n<meta property=\"og:type\" content=\"article\" \/>\n<meta property=\"og:title\" content=\"Obi\u0161\u010dite nas na Mednarodnem obrtnem sejmu (MOS 2025) v Celju! - emsplace.eu\" \/>\n<meta property=\"og:description\" content=\"EMSplace se bomo to leto predstavil na najve\u010djem poslovnem dogodku leta \u2013 Mednarodne obrtnem sejmu MOS 2025.\" \/>\n<meta property=\"og:url\" content=\"https:\/\/www.emsplace.eu\/en\/news\/mednarodni-obrtni-sejem-mos-2025\/\" \/>\n<meta property=\"og:site_name\" content=\"emsplace.eu\" \/>\n<meta property=\"article:published_time\" content=\"2025-09-15T11:12:13+00:00\" \/>\n<meta property=\"article:modified_time\" content=\"2025-09-15T11:35:35+00:00\" \/>\n<meta property=\"og:image\" content=\"https:\/\/www.emsplace.eu\/wp-content\/uploads\/MOS_2025_web_02.webp\" \/>\n\t<meta property=\"og:image:width\" content=\"601\" \/>\n\t<meta property=\"og:image:height\" content=\"301\" \/>\n\t<meta property=\"og:image:type\" content=\"image\/webp\" \/>\n<meta name=\"author\" content=\"alese\" \/>\n<meta name=\"twitter:card\" content=\"summary_large_image\" \/>\n<meta name=\"twitter:label1\" content=\"Written by\" \/>\n\t<meta name=\"twitter:data1\" content=\"alese\" \/>\n\t<meta name=\"twitter:label2\" content=\"Estimated reading time\" \/>\n\t<meta name=\"twitter:data2\" content=\"1 minute\" \/>\n<script type=\"application\/ld+json\" class=\"yoast-schema-graph\">{\"@context\":\"https:\\\/\\\/schema.org\",\"@graph\":[{\"@type\":\"Article\",\"@id\":\"https:\\\/\\\/www.emsplace.eu\\\/novice\\\/mednarodni-obrtni-sejem-mos-2025\\\/#article\",\"isPartOf\":{\"@id\":\"https:\\\/\\\/www.emsplace.eu\\\/novice\\\/mednarodni-obrtni-sejem-mos-2025\\\/\"},\"author\":{\"name\":\"alese\",\"@id\":\"https:\\\/\\\/www.emsplace.eu\\\/#\\\/schema\\\/person\\\/38ec763f03c0ebbca5ef70a5209909e3\"},\"headline\":\"Obi\u0161\u010dite nas na Mednarodnem obrtnem sejmu (MOS 2025) v Celju!\",\"datePublished\":\"2025-09-15T11:12:13+00:00\",\"dateModified\":\"2025-09-15T11:35:35+00:00\",\"mainEntityOfPage\":{\"@id\":\"https:\\\/\\\/www.emsplace.eu\\\/novice\\\/mednarodni-obrtni-sejem-mos-2025\\\/\"},\"wordCount\":317,\"publisher\":{\"@id\":\"https:\\\/\\\/www.emsplace.eu\\\/#organization\"},\"image\":{\"@id\":\"https:\\\/\\\/www.emsplace.eu\\\/novice\\\/mednarodni-obrtni-sejem-mos-2025\\\/#primaryimage\"},\"thumbnailUrl\":\"https:\\\/\\\/www.emsplace.eu\\\/wp-content\\\/uploads\\\/MOS_2025_web_02.webp\",\"articleSection\":[\"Novice\"],\"inLanguage\":\"en-GB\"},{\"@type\":\"WebPage\",\"@id\":\"https:\\\/\\\/www.emsplace.eu\\\/novice\\\/mednarodni-obrtni-sejem-mos-2025\\\/\",\"url\":\"https:\\\/\\\/www.emsplace.eu\\\/novice\\\/mednarodni-obrtni-sejem-mos-2025\\\/\",\"name\":\"Obi\u0161\u010dite nas na Mednarodnem obrtnem sejmu (MOS 2025) v Celju! - emsplace.eu\",\"isPartOf\":{\"@id\":\"https:\\\/\\\/www.emsplace.eu\\\/#website\"},\"primaryImageOfPage\":{\"@id\":\"https:\\\/\\\/www.emsplace.eu\\\/novice\\\/mednarodni-obrtni-sejem-mos-2025\\\/#primaryimage\"},\"image\":{\"@id\":\"https:\\\/\\\/www.emsplace.eu\\\/novice\\\/mednarodni-obrtni-sejem-mos-2025\\\/#primaryimage\"},\"thumbnailUrl\":\"https:\\\/\\\/www.emsplace.eu\\\/wp-content\\\/uploads\\\/MOS_2025_web_02.webp\",\"datePublished\":\"2025-09-15T11:12:13+00:00\",\"dateModified\":\"2025-09-15T11:35:35+00:00\",\"breadcrumb\":{\"@id\":\"https:\\\/\\\/www.emsplace.eu\\\/novice\\\/mednarodni-obrtni-sejem-mos-2025\\\/#breadcrumb\"},\"inLanguage\":\"en-GB\",\"potentialAction\":[{\"@type\":\"ReadAction\",\"target\":[\"https:\\\/\\\/www.emsplace.eu\\\/novice\\\/mednarodni-obrtni-sejem-mos-2025\\\/\"]}]},{\"@type\":\"ImageObject\",\"inLanguage\":\"en-GB\",\"@id\":\"https:\\\/\\\/www.emsplace.eu\\\/novice\\\/mednarodni-obrtni-sejem-mos-2025\\\/#primaryimage\",\"url\":\"https:\\\/\\\/www.emsplace.eu\\\/wp-content\\\/uploads\\\/MOS_2025_web_02.webp\",\"contentUrl\":\"https:\\\/\\\/www.emsplace.eu\\\/wp-content\\\/uploads\\\/MOS_2025_web_02.webp\",\"width\":601,\"height\":301},{\"@type\":\"BreadcrumbList\",\"@id\":\"https:\\\/\\\/www.emsplace.eu\\\/novice\\\/mednarodni-obrtni-sejem-mos-2025\\\/#breadcrumb\",\"itemListElement\":[{\"@type\":\"ListItem\",\"position\":1,\"name\":\"Home\",\"item\":\"https:\\\/\\\/www.emsplace.eu\\\/en\\\/\"},{\"@type\":\"ListItem\",\"position\":2,\"name\":\"Obi\u0161\u010dite nas na Mednarodnem obrtnem sejmu (MOS 2025) v Celju!\"}]},{\"@type\":\"WebSite\",\"@id\":\"https:\\\/\\\/www.emsplace.eu\\\/#website\",\"url\":\"https:\\\/\\\/www.emsplace.eu\\\/\",\"name\":\"emsplace.eu\",\"description\":\"\",\"publisher\":{\"@id\":\"https:\\\/\\\/www.emsplace.eu\\\/#organization\"},\"potentialAction\":[{\"@type\":\"SearchAction\",\"target\":{\"@type\":\"EntryPoint\",\"urlTemplate\":\"https:\\\/\\\/www.emsplace.eu\\\/?s={search_term_string}\"},\"query-input\":{\"@type\":\"PropertyValueSpecification\",\"valueRequired\":true,\"valueName\":\"search_term_string\"}}],\"inLanguage\":\"en-GB\"},{\"@type\":\"Organization\",\"@id\":\"https:\\\/\\\/www.emsplace.eu\\\/#organization\",\"name\":\"emsplace.eu\",\"url\":\"https:\\\/\\\/www.emsplace.eu\\\/\",\"logo\":{\"@type\":\"ImageObject\",\"inLanguage\":\"en-GB\",\"@id\":\"https:\\\/\\\/www.emsplace.eu\\\/#\\\/schema\\\/logo\\\/image\\\/\",\"url\":\"https:\\\/\\\/www.emsplace.eu\\\/wp-content\\\/uploads\\\/2020\\\/09\\\/emsplace-white.png\",\"contentUrl\":\"https:\\\/\\\/www.emsplace.eu\\\/wp-content\\\/uploads\\\/2020\\\/09\\\/emsplace-white.png\",\"width\":800,\"height\":443,\"caption\":\"emsplace.eu\"},\"image\":{\"@id\":\"https:\\\/\\\/www.emsplace.eu\\\/#\\\/schema\\\/logo\\\/image\\\/\"}},{\"@type\":\"Person\",\"@id\":\"https:\\\/\\\/www.emsplace.eu\\\/#\\\/schema\\\/person\\\/38ec763f03c0ebbca5ef70a5209909e3\",\"name\":\"alese\",\"image\":{\"@type\":\"ImageObject\",\"inLanguage\":\"en-GB\",\"@id\":\"https:\\\/\\\/secure.gravatar.com\\\/avatar\\\/c0ea277e0c209cc4b8eca1e62aec80a3f8209aa711499a7ff9907c80448b928d?s=96&d=mm&r=g\",\"url\":\"https:\\\/\\\/secure.gravatar.com\\\/avatar\\\/c0ea277e0c209cc4b8eca1e62aec80a3f8209aa711499a7ff9907c80448b928d?s=96&d=mm&r=g\",\"contentUrl\":\"https:\\\/\\\/secure.gravatar.com\\\/avatar\\\/c0ea277e0c209cc4b8eca1e62aec80a3f8209aa711499a7ff9907c80448b928d?s=96&d=mm&r=g\",\"caption\":\"alese\"},\"url\":\"https:\\\/\\\/www.emsplace.eu\\\/en\\\/novice\\\/author\\\/alese\\\/\"}]}<\/script>\n<!-- \/ Yoast SEO plugin. -->","yoast_head_json":{"title":"Obi\u0161\u010dite nas na Mednarodnem obrtnem sejmu (MOS 2025) v Celju! - emsplace.eu","robots":{"index":"index","follow":"follow","max-snippet":"max-snippet:-1","max-image-preview":"max-image-preview:large","max-video-preview":"max-video-preview:-1"},"canonical":"https:\/\/www.emsplace.eu\/en\/news\/mednarodni-obrtni-sejem-mos-2025\/","og_locale":"en_GB","og_type":"article","og_title":"Obi\u0161\u010dite nas na Mednarodnem obrtnem sejmu (MOS 2025) v Celju! - emsplace.eu","og_description":"EMSplace se bomo to leto predstavil na najve\u010djem poslovnem dogodku leta \u2013 Mednarodne obrtnem sejmu MOS 2025.","og_url":"https:\/\/www.emsplace.eu\/en\/news\/mednarodni-obrtni-sejem-mos-2025\/","og_site_name":"emsplace.eu","article_published_time":"2025-09-15T11:12:13+00:00","article_modified_time":"2025-09-15T11:35:35+00:00","og_image":[{"width":601,"height":301,"url":"https:\/\/www.emsplace.eu\/wp-content\/uploads\/MOS_2025_web_02.webp","type":"image\/webp"}],"author":"alese","twitter_card":"summary_large_image","twitter_misc":{"Written by":"alese","Estimated reading time":"1 minute"},"schema":{"@context":"https:\/\/schema.org","@graph":[{"@type":"Article","@id":"https:\/\/www.emsplace.eu\/novice\/mednarodni-obrtni-sejem-mos-2025\/#article","isPartOf":{"@id":"https:\/\/www.emsplace.eu\/novice\/mednarodni-obrtni-sejem-mos-2025\/"},"author":{"name":"alese","@id":"https:\/\/www.emsplace.eu\/#\/schema\/person\/38ec763f03c0ebbca5ef70a5209909e3"},"headline":"Obi\u0161\u010dite nas na Mednarodnem obrtnem sejmu (MOS 2025) v Celju!","datePublished":"2025-09-15T11:12:13+00:00","dateModified":"2025-09-15T11:35:35+00:00","mainEntityOfPage":{"@id":"https:\/\/www.emsplace.eu\/novice\/mednarodni-obrtni-sejem-mos-2025\/"},"wordCount":317,"publisher":{"@id":"https:\/\/www.emsplace.eu\/#organization"},"image":{"@id":"https:\/\/www.emsplace.eu\/novice\/mednarodni-obrtni-sejem-mos-2025\/#primaryimage"},"thumbnailUrl":"https:\/\/www.emsplace.eu\/wp-content\/uploads\/MOS_2025_web_02.webp","articleSection":["Novice"],"inLanguage":"en-GB"},{"@type":"WebPage","@id":"https:\/\/www.emsplace.eu\/novice\/mednarodni-obrtni-sejem-mos-2025\/","url":"https:\/\/www.emsplace.eu\/novice\/mednarodni-obrtni-sejem-mos-2025\/","name":"Obi\u0161\u010dite nas na Mednarodnem obrtnem sejmu (MOS 2025) v Celju! - emsplace.eu","isPartOf":{"@id":"https:\/\/www.emsplace.eu\/#website"},"primaryImageOfPage":{"@id":"https:\/\/www.emsplace.eu\/novice\/mednarodni-obrtni-sejem-mos-2025\/#primaryimage"},"image":{"@id":"https:\/\/www.emsplace.eu\/novice\/mednarodni-obrtni-sejem-mos-2025\/#primaryimage"},"thumbnailUrl":"https:\/\/www.emsplace.eu\/wp-content\/uploads\/MOS_2025_web_02.webp","datePublished":"2025-09-15T11:12:13+00:00","dateModified":"2025-09-15T11:35:35+00:00","breadcrumb":{"@id":"https:\/\/www.emsplace.eu\/novice\/mednarodni-obrtni-sejem-mos-2025\/#breadcrumb"},"inLanguage":"en-GB","potentialAction":[{"@type":"ReadAction","target":["https:\/\/www.emsplace.eu\/novice\/mednarodni-obrtni-sejem-mos-2025\/"]}]},{"@type":"ImageObject","inLanguage":"en-GB","@id":"https:\/\/www.emsplace.eu\/novice\/mednarodni-obrtni-sejem-mos-2025\/#primaryimage","url":"https:\/\/www.emsplace.eu\/wp-content\/uploads\/MOS_2025_web_02.webp","contentUrl":"https:\/\/www.emsplace.eu\/wp-content\/uploads\/MOS_2025_web_02.webp","width":601,"height":301},{"@type":"BreadcrumbList","@id":"https:\/\/www.emsplace.eu\/novice\/mednarodni-obrtni-sejem-mos-2025\/#breadcrumb","itemListElement":[{"@type":"ListItem","position":1,"name":"Home","item":"https:\/\/www.emsplace.eu\/en\/"},{"@type":"ListItem","position":2,"name":"Obi\u0161\u010dite nas na Mednarodnem obrtnem sejmu (MOS 2025) v Celju!"}]},{"@type":"WebSite","@id":"https:\/\/www.emsplace.eu\/#website","url":"https:\/\/www.emsplace.eu\/","name":"emsplace.eu\/en","description":"","publisher":{"@id":"https:\/\/www.emsplace.eu\/#organization"},"potentialAction":[{"@type":"SearchAction","target":{"@type":"EntryPoint","urlTemplate":"https:\/\/www.emsplace.eu\/?s={search_term_string}"},"query-input":{"@type":"PropertyValueSpecification","valueRequired":true,"valueName":"search_term_string"}}],"inLanguage":"en-GB"},{"@type":"Organization","@id":"https:\/\/www.emsplace.eu\/#organization","name":"emsplace.eu\/en","url":"https:\/\/www.emsplace.eu\/","logo":{"@type":"ImageObject","inLanguage":"en-GB","@id":"https:\/\/www.emsplace.eu\/#\/schema\/logo\/image\/","url":"https:\/\/www.emsplace.eu\/wp-content\/uploads\/2020\/09\/emsplace-white.png","contentUrl":"https:\/\/www.emsplace.eu\/wp-content\/uploads\/2020\/09\/emsplace-white.png","width":800,"height":443,"caption":"emsplace.eu"},"image":{"@id":"https:\/\/www.emsplace.eu\/#\/schema\/logo\/image\/"}},{"@type":"Person","@id":"https:\/\/www.emsplace.eu\/#\/schema\/person\/38ec763f03c0ebbca5ef70a5209909e3","name":"alese","image":{"@type":"ImageObject","inLanguage":"en-GB","@id":"https:\/\/secure.gravatar.com\/avatar\/c0ea277e0c209cc4b8eca1e62aec80a3f8209aa711499a7ff9907c80448b928d?s=96&d=mm&r=g","url":"https:\/\/secure.gravatar.com\/avatar\/c0ea277e0c209cc4b8eca1e62aec80a3f8209aa711499a7ff9907c80448b928d?s=96&d=mm&r=g","contentUrl":"https:\/\/secure.gravatar.com\/avatar\/c0ea277e0c209cc4b8eca1e62aec80a3f8209aa711499a7ff9907c80448b928d?s=96&d=mm&r=g","caption":"alese"},"url":"https:\/\/www.emsplace.eu\/en\/novice\/author\/alese\/"}]}},"_links":{"self":[{"href":"https:\/\/www.emsplace.eu\/en\/wp-json\/wp\/v2\/posts\/3407","targetHints":{"allow":["GET"]}}],"collection":[{"href":"https:\/\/www.emsplace.eu\/en\/wp-json\/wp\/v2\/posts"}],"about":[{"href":"https:\/\/www.emsplace.eu\/en\/wp-json\/wp\/v2\/types\/post"}],"author":[{"embeddable":true,"href":"https:\/\/www.emsplace.eu\/en\/wp-json\/wp\/v2\/users\/9"}],"replies":[{"embeddable":true,"href":"https:\/\/www.emsplace.eu\/en\/wp-json\/wp\/v2\/comments?post=3407"}],"version-history":[{"count":2,"href":"https:\/\/www.emsplace.eu\/en\/wp-json\/wp\/v2\/posts\/3407\/revisions"}],"predecessor-version":[{"id":3412,"href":"https:\/\/www.emsplace.eu\/en\/wp-json\/wp\/v2\/posts\/3407\/revisions\/3412"}],"wp:featuredmedia":[{"embeddable":true,"href":"https:\/\/www.emsplace.eu\/en\/wp-json\/wp\/v2\/media\/3408"}],"wp:attachment":[{"href":"https:\/\/www.emsplace.eu\/en\/wp-json\/wp\/v2\/media?parent=3407"}],"wp:term":[{"taxonomy":"category","embeddable":true,"href":"https:\/\/www.emsplace.eu\/en\/wp-json\/wp\/v2\/categories?post=3407"},{"taxonomy":"post_tag","embeddable":true,"href":"https:\/\/www.emsplace.eu\/en\/wp-json\/wp\/v2\/tags?post=3407"}],"curies":[{"name":"wp","href":"https:\/\/api.w.org\/{rel}","templated":true}]}}