{"id":3250,"date":"2025-01-10T14:04:39","date_gmt":"2025-01-10T13:04:39","guid":{"rendered":"https:\/\/www.emsplace.eu\/?p=3250"},"modified":"2025-04-22T08:01:20","modified_gmt":"2025-04-22T06:01:20","slug":"obiscite-nas-na-sejmu-ifam-2025","status":"publish","type":"post","link":"https:\/\/www.emsplace.eu\/en\/novice\/obiscite-nas-na-sejmu-ifam-2025\/","title":{"rendered":"Obi\u0161\u010dite nas na sejmu IFAM 2025!"},"content":{"rendered":"<h1>\n\t\tObi\u0161\u010dite nas na sejmu IFAM 2025!\n\t<\/h1>\n\t<p>We invite you to <strong>med 11. in 13. februarjem 2025<\/strong> obi\u0161\u010dete na sejmu <strong>IFAM 2025<\/strong>! Na na\u0161em razstavnem prostoru (Hala A2-202) vam bomo predstavili EMS program, v katerem se osredoto\u010damo na proizvodnjo naprednih elektronskih vezij in nudimo celovite storitve SMT in THT opremljanja, od izdelave prototipov do serijske proizvodnje.<\/p>\n<p>Poleg tega bomo na sejmu predstavili tudi drugo dejavnost na\u0161ega podjetja, to so <strong>napredne re\u0161itve za industrijsko ozna\u010devanje, pakiranje in lepljenje<\/strong>, ki jih odlikuje hitrost, natan\u010dnost in zanesljivost v \u0161e tako zahtevnih industrijskih okoljih.<\/p>\n<h3>\n\t\t<strong>Testne funkcijske naprave za BlueTraker izdelke<\/strong>\n\t<\/h3>\n\t<p>Na sejmu bomo predstavili tudi <strong>specializirano testno napravo, zasnovano za preverjanje funkcionalnosti <a href=\"https:\/\/www.bluetraker.com\/\" target=\"_blank\" rel=\"noopener\">BlueTraker<\/a> izdelkov<\/strong>, ki so plod lastnega razvoja in so se \u017ee izkazali na podro\u010dju spremljanja ribolovnega napora. Te naprave so klju\u010dne za zagotavljanje visoke kakovosti in zanesljivosti pri uporabi na\u0161ih izdelkov v realnih pogojih.<\/p>\n<p>Na\u0161a ekipa bo na voljo za podrobnej\u0161o predstavitev, z veseljem pa bomo odgovorili tudi na vsa va\u0161a vpra\u0161anja.<\/p>\n<p>Ne zamudite prilo\u017enosti za sre\u010danje z nami &#8211; obi\u0161\u010dite nas v <strong>Hali A2-202<\/strong>!<\/p>\n\t\t\t\t<img loading=\"lazy\" decoding=\"async\" src=\"https:\/\/www.emsplace.eu\/wp-content\/uploads\/novice-ifam-2025-2.jpg\" alt=\"novice-ifam-2025-2\" itemprop=\"image\" height=\"240\" width=\"1400\" title=\"novice-ifam-2025-2\" onerror=\"this.style.display='none'\"  \/>","protected":false},"excerpt":{"rendered":"<p>Vabimo vas, da nas med 11. in 13. februarjem 2025 obi\u0161\u010dete na sejmu IFAM 2025 &#8230;<\/p>","protected":false},"author":9,"featured_media":3251,"comment_status":"closed","ping_status":"closed","sticky":false,"template":"","format":"standard","meta":{"site-sidebar-layout":"default","site-content-layout":"","ast-site-content-layout":"default","site-content-style":"default","site-sidebar-style":"default","ast-global-header-display":"","ast-banner-title-visibility":"","ast-main-header-display":"","ast-hfb-above-header-display":"","ast-hfb-below-header-display":"","ast-hfb-mobile-header-display":"","site-post-title":"","ast-breadcrumbs-content":"","ast-featured-img":"","footer-sml-layout":"","ast-disable-related-posts":"","theme-transparent-header-meta":"","adv-header-id-meta":"","stick-header-meta":"","header-above-stick-meta":"","header-main-stick-meta":"","header-below-stick-meta":"","astra-migrate-meta-layouts":"set","ast-page-background-enabled":"default","ast-page-background-meta":{"desktop":{"background-color":"","background-image":"","background-repeat":"repeat","background-position":"center center","background-size":"auto","background-attachment":"scroll","background-type":"","background-media":"","overlay-type":"","overlay-color":"","overlay-opacity":"","overlay-gradient":""},"tablet":{"background-color":"","background-image":"","background-repeat":"repeat","background-position":"center center","background-size":"auto","background-attachment":"scroll","background-type":"","background-media":"","overlay-type":"","overlay-color":"","overlay-opacity":"","overlay-gradient":""},"mobile":{"background-color":"","background-image":"","background-repeat":"repeat","background-position":"center center","background-size":"auto","background-attachment":"scroll","background-type":"","background-media":"","overlay-type":"","overlay-color":"","overlay-opacity":"","overlay-gradient":""}},"ast-content-background-meta":{"desktop":{"background-color":"var(--ast-global-color-5)","background-image":"","background-repeat":"repeat","background-position":"center center","background-size":"auto","background-attachment":"scroll","background-type":"","background-media":"","overlay-type":"","overlay-color":"","overlay-opacity":"","overlay-gradient":""},"tablet":{"background-color":"var(--ast-global-color-5)","background-image":"","background-repeat":"repeat","background-position":"center center","background-size":"auto","background-attachment":"scroll","background-type":"","background-media":"","overlay-type":"","overlay-color":"","overlay-opacity":"","overlay-gradient":""},"mobile":{"background-color":"var(--ast-global-color-5)","background-image":"","background-repeat":"repeat","background-position":"center center","background-size":"auto","background-attachment":"scroll","background-type":"","background-media":"","overlay-type":"","overlay-color":"","overlay-opacity":"","overlay-gradient":""}},"footnotes":""},"categories":[1],"tags":[],"class_list":["post-3250","post","type-post","status-publish","format-standard","has-post-thumbnail","hentry","category-novice"],"yoast_head":"<!-- This site is optimized with the Yoast SEO plugin v27.4 - https:\/\/yoast.com\/product\/yoast-seo-wordpress\/ -->\n<title>Obi\u0161\u010dite nas na sejmu IFAM 2025! - emsplace.eu<\/title>\n<meta name=\"robots\" content=\"index, follow, max-snippet:-1, max-image-preview:large, max-video-preview:-1\" \/>\n<link rel=\"canonical\" href=\"https:\/\/www.emsplace.eu\/en\/news\/obiscite-nas-na-sejmu-ifam-2025\/\" \/>\n<meta property=\"og:locale\" content=\"en_GB\" \/>\n<meta property=\"og:type\" content=\"article\" \/>\n<meta property=\"og:title\" content=\"Obi\u0161\u010dite nas na sejmu IFAM 2025! - emsplace.eu\" \/>\n<meta property=\"og:description\" content=\"Vabimo vas, da nas med 11. in 13. februarjem 2025 obi\u0161\u010dete na sejmu IFAM 2025 ...\" \/>\n<meta property=\"og:url\" content=\"https:\/\/www.emsplace.eu\/en\/news\/obiscite-nas-na-sejmu-ifam-2025\/\" \/>\n<meta property=\"og:site_name\" content=\"emsplace.eu\" \/>\n<meta property=\"article:published_time\" content=\"2025-01-10T13:04:39+00:00\" \/>\n<meta property=\"article:modified_time\" content=\"2025-04-22T06:01:20+00:00\" \/>\n<meta property=\"og:image\" content=\"https:\/\/www.emsplace.eu\/wp-content\/uploads\/novice-ifam-2025.jpg\" \/>\n\t<meta property=\"og:image:width\" content=\"800\" \/>\n\t<meta property=\"og:image:height\" content=\"400\" \/>\n\t<meta property=\"og:image:type\" content=\"image\/jpeg\" \/>\n<meta name=\"author\" content=\"alese\" \/>\n<meta name=\"twitter:card\" content=\"summary_large_image\" \/>\n<meta name=\"twitter:label1\" content=\"Written by\" \/>\n\t<meta name=\"twitter:data1\" content=\"alese\" \/>\n\t<meta name=\"twitter:label2\" content=\"Estimated reading time\" \/>\n\t<meta name=\"twitter:data2\" content=\"1 minute\" \/>\n<script type=\"application\/ld+json\" class=\"yoast-schema-graph\">{\"@context\":\"https:\\\/\\\/schema.org\",\"@graph\":[{\"@type\":\"Article\",\"@id\":\"https:\\\/\\\/www.emsplace.eu\\\/novice\\\/obiscite-nas-na-sejmu-ifam-2025\\\/#article\",\"isPartOf\":{\"@id\":\"https:\\\/\\\/www.emsplace.eu\\\/novice\\\/obiscite-nas-na-sejmu-ifam-2025\\\/\"},\"author\":{\"name\":\"alese\",\"@id\":\"https:\\\/\\\/www.emsplace.eu\\\/#\\\/schema\\\/person\\\/38ec763f03c0ebbca5ef70a5209909e3\"},\"headline\":\"Obi\u0161\u010dite nas na sejmu IFAM 2025!\",\"datePublished\":\"2025-01-10T13:04:39+00:00\",\"dateModified\":\"2025-04-22T06:01:20+00:00\",\"mainEntityOfPage\":{\"@id\":\"https:\\\/\\\/www.emsplace.eu\\\/novice\\\/obiscite-nas-na-sejmu-ifam-2025\\\/\"},\"wordCount\":193,\"publisher\":{\"@id\":\"https:\\\/\\\/www.emsplace.eu\\\/#organization\"},\"image\":{\"@id\":\"https:\\\/\\\/www.emsplace.eu\\\/novice\\\/obiscite-nas-na-sejmu-ifam-2025\\\/#primaryimage\"},\"thumbnailUrl\":\"https:\\\/\\\/www.emsplace.eu\\\/wp-content\\\/uploads\\\/novice-ifam-2025.jpg\",\"articleSection\":[\"Novice\"],\"inLanguage\":\"en-GB\"},{\"@type\":\"WebPage\",\"@id\":\"https:\\\/\\\/www.emsplace.eu\\\/novice\\\/obiscite-nas-na-sejmu-ifam-2025\\\/\",\"url\":\"https:\\\/\\\/www.emsplace.eu\\\/novice\\\/obiscite-nas-na-sejmu-ifam-2025\\\/\",\"name\":\"Obi\u0161\u010dite nas na sejmu IFAM 2025! - emsplace.eu\",\"isPartOf\":{\"@id\":\"https:\\\/\\\/www.emsplace.eu\\\/#website\"},\"primaryImageOfPage\":{\"@id\":\"https:\\\/\\\/www.emsplace.eu\\\/novice\\\/obiscite-nas-na-sejmu-ifam-2025\\\/#primaryimage\"},\"image\":{\"@id\":\"https:\\\/\\\/www.emsplace.eu\\\/novice\\\/obiscite-nas-na-sejmu-ifam-2025\\\/#primaryimage\"},\"thumbnailUrl\":\"https:\\\/\\\/www.emsplace.eu\\\/wp-content\\\/uploads\\\/novice-ifam-2025.jpg\",\"datePublished\":\"2025-01-10T13:04:39+00:00\",\"dateModified\":\"2025-04-22T06:01:20+00:00\",\"breadcrumb\":{\"@id\":\"https:\\\/\\\/www.emsplace.eu\\\/novice\\\/obiscite-nas-na-sejmu-ifam-2025\\\/#breadcrumb\"},\"inLanguage\":\"en-GB\",\"potentialAction\":[{\"@type\":\"ReadAction\",\"target\":[\"https:\\\/\\\/www.emsplace.eu\\\/novice\\\/obiscite-nas-na-sejmu-ifam-2025\\\/\"]}]},{\"@type\":\"ImageObject\",\"inLanguage\":\"en-GB\",\"@id\":\"https:\\\/\\\/www.emsplace.eu\\\/novice\\\/obiscite-nas-na-sejmu-ifam-2025\\\/#primaryimage\",\"url\":\"https:\\\/\\\/www.emsplace.eu\\\/wp-content\\\/uploads\\\/novice-ifam-2025.jpg\",\"contentUrl\":\"https:\\\/\\\/www.emsplace.eu\\\/wp-content\\\/uploads\\\/novice-ifam-2025.jpg\",\"width\":800,\"height\":400},{\"@type\":\"BreadcrumbList\",\"@id\":\"https:\\\/\\\/www.emsplace.eu\\\/novice\\\/obiscite-nas-na-sejmu-ifam-2025\\\/#breadcrumb\",\"itemListElement\":[{\"@type\":\"ListItem\",\"position\":1,\"name\":\"Home\",\"item\":\"https:\\\/\\\/www.emsplace.eu\\\/en\\\/\"},{\"@type\":\"ListItem\",\"position\":2,\"name\":\"Obi\u0161\u010dite nas na sejmu IFAM 2025!\"}]},{\"@type\":\"WebSite\",\"@id\":\"https:\\\/\\\/www.emsplace.eu\\\/#website\",\"url\":\"https:\\\/\\\/www.emsplace.eu\\\/\",\"name\":\"emsplace.eu\",\"description\":\"\",\"publisher\":{\"@id\":\"https:\\\/\\\/www.emsplace.eu\\\/#organization\"},\"potentialAction\":[{\"@type\":\"SearchAction\",\"target\":{\"@type\":\"EntryPoint\",\"urlTemplate\":\"https:\\\/\\\/www.emsplace.eu\\\/?s={search_term_string}\"},\"query-input\":{\"@type\":\"PropertyValueSpecification\",\"valueRequired\":true,\"valueName\":\"search_term_string\"}}],\"inLanguage\":\"en-GB\"},{\"@type\":\"Organization\",\"@id\":\"https:\\\/\\\/www.emsplace.eu\\\/#organization\",\"name\":\"emsplace.eu\",\"url\":\"https:\\\/\\\/www.emsplace.eu\\\/\",\"logo\":{\"@type\":\"ImageObject\",\"inLanguage\":\"en-GB\",\"@id\":\"https:\\\/\\\/www.emsplace.eu\\\/#\\\/schema\\\/logo\\\/image\\\/\",\"url\":\"https:\\\/\\\/www.emsplace.eu\\\/wp-content\\\/uploads\\\/2020\\\/09\\\/emsplace-white.png\",\"contentUrl\":\"https:\\\/\\\/www.emsplace.eu\\\/wp-content\\\/uploads\\\/2020\\\/09\\\/emsplace-white.png\",\"width\":800,\"height\":443,\"caption\":\"emsplace.eu\"},\"image\":{\"@id\":\"https:\\\/\\\/www.emsplace.eu\\\/#\\\/schema\\\/logo\\\/image\\\/\"}},{\"@type\":\"Person\",\"@id\":\"https:\\\/\\\/www.emsplace.eu\\\/#\\\/schema\\\/person\\\/38ec763f03c0ebbca5ef70a5209909e3\",\"name\":\"alese\",\"image\":{\"@type\":\"ImageObject\",\"inLanguage\":\"en-GB\",\"@id\":\"https:\\\/\\\/secure.gravatar.com\\\/avatar\\\/c0ea277e0c209cc4b8eca1e62aec80a3f8209aa711499a7ff9907c80448b928d?s=96&d=mm&r=g\",\"url\":\"https:\\\/\\\/secure.gravatar.com\\\/avatar\\\/c0ea277e0c209cc4b8eca1e62aec80a3f8209aa711499a7ff9907c80448b928d?s=96&d=mm&r=g\",\"contentUrl\":\"https:\\\/\\\/secure.gravatar.com\\\/avatar\\\/c0ea277e0c209cc4b8eca1e62aec80a3f8209aa711499a7ff9907c80448b928d?s=96&d=mm&r=g\",\"caption\":\"alese\"},\"url\":\"https:\\\/\\\/www.emsplace.eu\\\/en\\\/novice\\\/author\\\/alese\\\/\"}]}<\/script>\n<!-- \/ Yoast SEO plugin. -->","yoast_head_json":{"title":"Obi\u0161\u010dite nas na sejmu IFAM 2025! - emsplace.eu","robots":{"index":"index","follow":"follow","max-snippet":"max-snippet:-1","max-image-preview":"max-image-preview:large","max-video-preview":"max-video-preview:-1"},"canonical":"https:\/\/www.emsplace.eu\/en\/news\/obiscite-nas-na-sejmu-ifam-2025\/","og_locale":"en_GB","og_type":"article","og_title":"Obi\u0161\u010dite nas na sejmu IFAM 2025! - emsplace.eu","og_description":"Vabimo vas, da nas med 11. in 13. februarjem 2025 obi\u0161\u010dete na sejmu IFAM 2025 ...","og_url":"https:\/\/www.emsplace.eu\/en\/news\/obiscite-nas-na-sejmu-ifam-2025\/","og_site_name":"emsplace.eu","article_published_time":"2025-01-10T13:04:39+00:00","article_modified_time":"2025-04-22T06:01:20+00:00","og_image":[{"width":800,"height":400,"url":"https:\/\/www.emsplace.eu\/wp-content\/uploads\/novice-ifam-2025.jpg","type":"image\/jpeg"}],"author":"alese","twitter_card":"summary_large_image","twitter_misc":{"Written by":"alese","Estimated reading time":"1 minute"},"schema":{"@context":"https:\/\/schema.org","@graph":[{"@type":"Article","@id":"https:\/\/www.emsplace.eu\/novice\/obiscite-nas-na-sejmu-ifam-2025\/#article","isPartOf":{"@id":"https:\/\/www.emsplace.eu\/novice\/obiscite-nas-na-sejmu-ifam-2025\/"},"author":{"name":"alese","@id":"https:\/\/www.emsplace.eu\/#\/schema\/person\/38ec763f03c0ebbca5ef70a5209909e3"},"headline":"Obi\u0161\u010dite nas na sejmu IFAM 2025!","datePublished":"2025-01-10T13:04:39+00:00","dateModified":"2025-04-22T06:01:20+00:00","mainEntityOfPage":{"@id":"https:\/\/www.emsplace.eu\/novice\/obiscite-nas-na-sejmu-ifam-2025\/"},"wordCount":193,"publisher":{"@id":"https:\/\/www.emsplace.eu\/#organization"},"image":{"@id":"https:\/\/www.emsplace.eu\/novice\/obiscite-nas-na-sejmu-ifam-2025\/#primaryimage"},"thumbnailUrl":"https:\/\/www.emsplace.eu\/wp-content\/uploads\/novice-ifam-2025.jpg","articleSection":["Novice"],"inLanguage":"en-GB"},{"@type":"WebPage","@id":"https:\/\/www.emsplace.eu\/novice\/obiscite-nas-na-sejmu-ifam-2025\/","url":"https:\/\/www.emsplace.eu\/novice\/obiscite-nas-na-sejmu-ifam-2025\/","name":"Obi\u0161\u010dite nas na sejmu IFAM 2025! - emsplace.eu","isPartOf":{"@id":"https:\/\/www.emsplace.eu\/#website"},"primaryImageOfPage":{"@id":"https:\/\/www.emsplace.eu\/novice\/obiscite-nas-na-sejmu-ifam-2025\/#primaryimage"},"image":{"@id":"https:\/\/www.emsplace.eu\/novice\/obiscite-nas-na-sejmu-ifam-2025\/#primaryimage"},"thumbnailUrl":"https:\/\/www.emsplace.eu\/wp-content\/uploads\/novice-ifam-2025.jpg","datePublished":"2025-01-10T13:04:39+00:00","dateModified":"2025-04-22T06:01:20+00:00","breadcrumb":{"@id":"https:\/\/www.emsplace.eu\/novice\/obiscite-nas-na-sejmu-ifam-2025\/#breadcrumb"},"inLanguage":"en-GB","potentialAction":[{"@type":"ReadAction","target":["https:\/\/www.emsplace.eu\/novice\/obiscite-nas-na-sejmu-ifam-2025\/"]}]},{"@type":"ImageObject","inLanguage":"en-GB","@id":"https:\/\/www.emsplace.eu\/novice\/obiscite-nas-na-sejmu-ifam-2025\/#primaryimage","url":"https:\/\/www.emsplace.eu\/wp-content\/uploads\/novice-ifam-2025.jpg","contentUrl":"https:\/\/www.emsplace.eu\/wp-content\/uploads\/novice-ifam-2025.jpg","width":800,"height":400},{"@type":"BreadcrumbList","@id":"https:\/\/www.emsplace.eu\/novice\/obiscite-nas-na-sejmu-ifam-2025\/#breadcrumb","itemListElement":[{"@type":"ListItem","position":1,"name":"Home","item":"https:\/\/www.emsplace.eu\/en\/"},{"@type":"ListItem","position":2,"name":"Obi\u0161\u010dite nas na sejmu IFAM 2025!"}]},{"@type":"WebSite","@id":"https:\/\/www.emsplace.eu\/#website","url":"https:\/\/www.emsplace.eu\/","name":"emsplace.eu\/en","description":"","publisher":{"@id":"https:\/\/www.emsplace.eu\/#organization"},"potentialAction":[{"@type":"SearchAction","target":{"@type":"EntryPoint","urlTemplate":"https:\/\/www.emsplace.eu\/?s={search_term_string}"},"query-input":{"@type":"PropertyValueSpecification","valueRequired":true,"valueName":"search_term_string"}}],"inLanguage":"en-GB"},{"@type":"Organization","@id":"https:\/\/www.emsplace.eu\/#organization","name":"emsplace.eu\/en","url":"https:\/\/www.emsplace.eu\/","logo":{"@type":"ImageObject","inLanguage":"en-GB","@id":"https:\/\/www.emsplace.eu\/#\/schema\/logo\/image\/","url":"https:\/\/www.emsplace.eu\/wp-content\/uploads\/2020\/09\/emsplace-white.png","contentUrl":"https:\/\/www.emsplace.eu\/wp-content\/uploads\/2020\/09\/emsplace-white.png","width":800,"height":443,"caption":"emsplace.eu"},"image":{"@id":"https:\/\/www.emsplace.eu\/#\/schema\/logo\/image\/"}},{"@type":"Person","@id":"https:\/\/www.emsplace.eu\/#\/schema\/person\/38ec763f03c0ebbca5ef70a5209909e3","name":"alese","image":{"@type":"ImageObject","inLanguage":"en-GB","@id":"https:\/\/secure.gravatar.com\/avatar\/c0ea277e0c209cc4b8eca1e62aec80a3f8209aa711499a7ff9907c80448b928d?s=96&d=mm&r=g","url":"https:\/\/secure.gravatar.com\/avatar\/c0ea277e0c209cc4b8eca1e62aec80a3f8209aa711499a7ff9907c80448b928d?s=96&d=mm&r=g","contentUrl":"https:\/\/secure.gravatar.com\/avatar\/c0ea277e0c209cc4b8eca1e62aec80a3f8209aa711499a7ff9907c80448b928d?s=96&d=mm&r=g","caption":"alese"},"url":"https:\/\/www.emsplace.eu\/en\/novice\/author\/alese\/"}]}},"_links":{"self":[{"href":"https:\/\/www.emsplace.eu\/en\/wp-json\/wp\/v2\/posts\/3250","targetHints":{"allow":["GET"]}}],"collection":[{"href":"https:\/\/www.emsplace.eu\/en\/wp-json\/wp\/v2\/posts"}],"about":[{"href":"https:\/\/www.emsplace.eu\/en\/wp-json\/wp\/v2\/types\/post"}],"author":[{"embeddable":true,"href":"https:\/\/www.emsplace.eu\/en\/wp-json\/wp\/v2\/users\/9"}],"replies":[{"embeddable":true,"href":"https:\/\/www.emsplace.eu\/en\/wp-json\/wp\/v2\/comments?post=3250"}],"version-history":[{"count":6,"href":"https:\/\/www.emsplace.eu\/en\/wp-json\/wp\/v2\/posts\/3250\/revisions"}],"predecessor-version":[{"id":3284,"href":"https:\/\/www.emsplace.eu\/en\/wp-json\/wp\/v2\/posts\/3250\/revisions\/3284"}],"wp:featuredmedia":[{"embeddable":true,"href":"https:\/\/www.emsplace.eu\/en\/wp-json\/wp\/v2\/media\/3251"}],"wp:attachment":[{"href":"https:\/\/www.emsplace.eu\/en\/wp-json\/wp\/v2\/media?parent=3250"}],"wp:term":[{"taxonomy":"category","embeddable":true,"href":"https:\/\/www.emsplace.eu\/en\/wp-json\/wp\/v2\/categories?post=3250"},{"taxonomy":"post_tag","embeddable":true,"href":"https:\/\/www.emsplace.eu\/en\/wp-json\/wp\/v2\/tags?post=3250"}],"curies":[{"name":"wp","href":"https:\/\/api.w.org\/{rel}","templated":true}]}}