{"id":3414,"date":"2025-09-24T09:41:34","date_gmt":"2025-09-24T07:41:34","guid":{"rendered":"https:\/\/www.emsplace.eu\/?p=3414"},"modified":"2025-11-12T15:33:27","modified_gmt":"2025-11-12T14:33:27","slug":"sidec-2025","status":"publish","type":"post","link":"https:\/\/www.emsplace.eu\/de\/novice\/sidec-2025\/","title":{"rendered":"EMSplace auf der Messe SIDEC 2025 in Celje"},"content":{"rendered":"<img decoding=\"async\" src=\"https:\/\/www.emsplace.eu\/wp-content\/uploads\/SIDEC_2025_website_banner_01.png\" alt=\"SIDEC_2025_website_banner_01\" itemprop=\"image\" height=\"300\" width=\"600\" title=\"SIDEC_2025_website_banner_01\" onerror=\"this.style.display='none'\" loading=\"lazy\" \/>\n<h2>\n\t\t\tEMSplace auf der Messe SIDEC 2025 in Celje\t<\/h2>\n\t<p>Vom <strong>21. bis 24. Oktober 2025<\/strong> werden wir auf der <a href=\"https:\/\/www.sidec.si\/en\/\"><strong>SIDEC 2025<\/strong><\/a> Messe in Celje vertreten sein. In vier Tagen wird <strong>SIDEC<\/strong> f\u00fchrende Akteure der Industrie, Innovatoren, Entscheidungstr\u00e4ger und Expert:innen vereinen, die modernste Verteidigungs- und Sicherheitstechnologien sowie verschiedenste Ausr\u00fcstungen aus diesem Bereich und mehr pr\u00e4sentieren werden.<\/p>\n<p>Die Messe <strong>SIDEC<\/strong> bietet somit eine ausgezeichnete Gelegenheit, neues Wissen zu erlangen, Netzwerke zu kn\u00fcpfen, Erfahrungen auszutauschen und neue Kooperationen zu schlie\u00dfen.<\/p>\n<p>Wir werden unsere <a href=\"https:\/\/www.emsplace.eu\/de\/ems-dienstleistungen\/\"><strong>EMSplace-Dienstleistungen<\/strong><\/a>, also Elektronikfertigungsdienstleistungen, vorstellen. Au\u00dferdem haben Sie die M\u00f6glichkeit, Elektronikprodukte der weltweit anerkannten Marke <a href=\"https:\/\/www.bluetraker.com\/\">BlueTraker<\/a>zu besichtigen, die die Robustheit unserer Elektronik unter extremen Einsatzbedingungen demonstrieren.<\/p>\n<p>Unter anderem k\u00f6nnen Sie auch unser eigenes Entwicklungsergebnis sehen: <a href=\"https:\/\/ema.si\/novice\/srebrno-priznanje-inovacije-2025\/\"><strong>DEEP DIVE 500<\/strong><\/a> &#8211; visokotla\u010dna hidravli\u010dna testna komora za testiranja v simuliranih pogojih globokomorskega okolja, kjer kljubujejo ekstremni tlaki.<\/p>\n<p>Den Rest dessen, was Sie an unserem Messestand erwartet, bewahren wir uns f\u00fcr Ihren Besuch auf.<\/p>\n<p><strong>REGISTRIERUNG F\u00dcR FACHBESUCHER:<\/strong>: Dogodek je brezpla\u010den za javnost, vendar je registracija za dogodek in konferenco obvezna. Registracija: <a href=\"https:\/\/www.sidec.si\/en\/registration\/\">www.sidec.si<\/a><\/p>\n<p><strong>TAG DER OFFENEN T\u00dcR F\u00dcR DIE ALLGEMEINHEIT:<\/strong>Der offene Tag f\u00fcr die Allgemeinheit findet am Freitag, dem 24. Oktober statt. Eine vorherige Registrierung ist nicht erforderlich.<\/p>\n<p>Reservieren Sie sich einen Termin f\u00fcr Ihren Besuch und <a href=\"https:\/\/www.emsplace.eu\/de\/kontakt\/\">kontaktieren Sie uns<\/a> , um sich w\u00e4hrend der Veranstaltung zu treffen!<\/p>","protected":false},"excerpt":{"rendered":"<p>Vom 21. bis 24. Oktober 2025 werden wir auf der SIDEC 2025 Messe in Celje vertreten sein. <\/p>","protected":false},"author":16,"featured_media":3417,"comment_status":"closed","ping_status":"open","sticky":false,"template":"","format":"standard","meta":{"site-sidebar-layout":"default","site-content-layout":"","ast-site-content-layout":"default","site-content-style":"default","site-sidebar-style":"default","ast-global-header-display":"","ast-banner-title-visibility":"","ast-main-header-display":"","ast-hfb-above-header-display":"","ast-hfb-below-header-display":"","ast-hfb-mobile-header-display":"","site-post-title":"","ast-breadcrumbs-content":"","ast-featured-img":"","footer-sml-layout":"","ast-disable-related-posts":"","theme-transparent-header-meta":"","adv-header-id-meta":"","stick-header-meta":"","header-above-stick-meta":"","header-main-stick-meta":"","header-below-stick-meta":"","astra-migrate-meta-layouts":"set","ast-page-background-enabled":"default","ast-page-background-meta":{"desktop":{"background-color":"","background-image":"","background-repeat":"repeat","background-position":"center center","background-size":"auto","background-attachment":"scroll","background-type":"","background-media":"","overlay-type":"","overlay-color":"","overlay-opacity":"","overlay-gradient":""},"tablet":{"background-color":"","background-image":"","background-repeat":"repeat","background-position":"center center","background-size":"auto","background-attachment":"scroll","background-type":"","background-media":"","overlay-type":"","overlay-color":"","overlay-opacity":"","overlay-gradient":""},"mobile":{"background-color":"","background-image":"","background-repeat":"repeat","background-position":"center center","background-size":"auto","background-attachment":"scroll","background-type":"","background-media":"","overlay-type":"","overlay-color":"","overlay-opacity":"","overlay-gradient":""}},"ast-content-background-meta":{"desktop":{"background-color":"var(--ast-global-color-5)","background-image":"","background-repeat":"repeat","background-position":"center center","background-size":"auto","background-attachment":"scroll","background-type":"","background-media":"","overlay-type":"","overlay-color":"","overlay-opacity":"","overlay-gradient":""},"tablet":{"background-color":"var(--ast-global-color-5)","background-image":"","background-repeat":"repeat","background-position":"center center","background-size":"auto","background-attachment":"scroll","background-type":"","background-media":"","overlay-type":"","overlay-color":"","overlay-opacity":"","overlay-gradient":""},"mobile":{"background-color":"var(--ast-global-color-5)","background-image":"","background-repeat":"repeat","background-position":"center center","background-size":"auto","background-attachment":"scroll","background-type":"","background-media":"","overlay-type":"","overlay-color":"","overlay-opacity":"","overlay-gradient":""}},"footnotes":""},"categories":[1],"tags":[],"class_list":["post-3414","post","type-post","status-publish","format-standard","has-post-thumbnail","hentry","category-novice"],"yoast_head":"<!-- This site is optimized with the Yoast SEO plugin v27.4 - https:\/\/yoast.com\/product\/yoast-seo-wordpress\/ -->\n<title>EMSplace na sejmu SIDEC 2025 v Celju<\/title>\n<meta name=\"description\" content=\"Med 21. in 24. oktobrom 2025 bomo prisotni na sejmu SIDEC 2025 v Celju.\" \/>\n<meta name=\"robots\" content=\"index, follow, max-snippet:-1, max-image-preview:large, max-video-preview:-1\" \/>\n<link rel=\"canonical\" href=\"https:\/\/www.emsplace.eu\/de\/nachrichten\/sidec-2025\/\" \/>\n<meta property=\"og:locale\" content=\"de_DE\" \/>\n<meta property=\"og:type\" content=\"article\" \/>\n<meta property=\"og:title\" content=\"EMSplace na sejmu SIDEC 2025 v Celju\" \/>\n<meta property=\"og:description\" content=\"Med 21. in 24. oktobrom 2025 bomo prisotni na sejmu SIDEC 2025 v Celju.\" \/>\n<meta property=\"og:url\" content=\"https:\/\/www.emsplace.eu\/de\/nachrichten\/sidec-2025\/\" \/>\n<meta property=\"og:site_name\" content=\"emsplace.eu\" \/>\n<meta property=\"article:published_time\" content=\"2025-09-24T07:41:34+00:00\" \/>\n<meta property=\"article:modified_time\" content=\"2025-11-12T14:33:27+00:00\" \/>\n<meta property=\"og:image\" content=\"https:\/\/www.emsplace.eu\/wp-content\/uploads\/SIDEC_2025_website_banner_01.png\" \/>\n\t<meta property=\"og:image:width\" content=\"600\" \/>\n\t<meta property=\"og:image:height\" content=\"300\" \/>\n\t<meta property=\"og:image:type\" content=\"image\/png\" \/>\n<meta name=\"author\" content=\"sebastjanb\" \/>\n<meta name=\"twitter:card\" content=\"summary_large_image\" \/>\n<meta name=\"twitter:label1\" content=\"Verfasst von\" \/>\n\t<meta name=\"twitter:data1\" content=\"sebastjanb\" \/>\n\t<meta name=\"twitter:label2\" content=\"Gesch\u00e4tzte Lesezeit\" \/>\n\t<meta name=\"twitter:data2\" content=\"2\u00a0Minuten\" \/>\n<script type=\"application\/ld+json\" class=\"yoast-schema-graph\">{\"@context\":\"https:\\\/\\\/schema.org\",\"@graph\":[{\"@type\":\"Article\",\"@id\":\"https:\\\/\\\/www.emsplace.eu\\\/novice\\\/sidec-2025\\\/#article\",\"isPartOf\":{\"@id\":\"https:\\\/\\\/www.emsplace.eu\\\/novice\\\/sidec-2025\\\/\"},\"author\":{\"name\":\"sebastjanb\",\"@id\":\"https:\\\/\\\/www.emsplace.eu\\\/#\\\/schema\\\/person\\\/68499f2f57c99fff7dd3ed1ca75e9eba\"},\"headline\":\"EMSplace na sejmu SIDEC 2025 v Celju\",\"datePublished\":\"2025-09-24T07:41:34+00:00\",\"dateModified\":\"2025-11-12T14:33:27+00:00\",\"mainEntityOfPage\":{\"@id\":\"https:\\\/\\\/www.emsplace.eu\\\/novice\\\/sidec-2025\\\/\"},\"wordCount\":212,\"publisher\":{\"@id\":\"https:\\\/\\\/www.emsplace.eu\\\/#organization\"},\"image\":{\"@id\":\"https:\\\/\\\/www.emsplace.eu\\\/novice\\\/sidec-2025\\\/#primaryimage\"},\"thumbnailUrl\":\"https:\\\/\\\/www.emsplace.eu\\\/wp-content\\\/uploads\\\/SIDEC_2025_website_banner_01.png\",\"articleSection\":[\"Novice\"],\"inLanguage\":\"de\"},{\"@type\":\"WebPage\",\"@id\":\"https:\\\/\\\/www.emsplace.eu\\\/novice\\\/sidec-2025\\\/\",\"url\":\"https:\\\/\\\/www.emsplace.eu\\\/novice\\\/sidec-2025\\\/\",\"name\":\"EMSplace na sejmu SIDEC 2025 v Celju\",\"isPartOf\":{\"@id\":\"https:\\\/\\\/www.emsplace.eu\\\/#website\"},\"primaryImageOfPage\":{\"@id\":\"https:\\\/\\\/www.emsplace.eu\\\/novice\\\/sidec-2025\\\/#primaryimage\"},\"image\":{\"@id\":\"https:\\\/\\\/www.emsplace.eu\\\/novice\\\/sidec-2025\\\/#primaryimage\"},\"thumbnailUrl\":\"https:\\\/\\\/www.emsplace.eu\\\/wp-content\\\/uploads\\\/SIDEC_2025_website_banner_01.png\",\"datePublished\":\"2025-09-24T07:41:34+00:00\",\"dateModified\":\"2025-11-12T14:33:27+00:00\",\"description\":\"Med 21. in 24. oktobrom 2025 bomo prisotni na sejmu SIDEC 2025 v Celju.\",\"breadcrumb\":{\"@id\":\"https:\\\/\\\/www.emsplace.eu\\\/novice\\\/sidec-2025\\\/#breadcrumb\"},\"inLanguage\":\"de\",\"potentialAction\":[{\"@type\":\"ReadAction\",\"target\":[\"https:\\\/\\\/www.emsplace.eu\\\/novice\\\/sidec-2025\\\/\"]}]},{\"@type\":\"ImageObject\",\"inLanguage\":\"de\",\"@id\":\"https:\\\/\\\/www.emsplace.eu\\\/novice\\\/sidec-2025\\\/#primaryimage\",\"url\":\"https:\\\/\\\/www.emsplace.eu\\\/wp-content\\\/uploads\\\/SIDEC_2025_website_banner_01.png\",\"contentUrl\":\"https:\\\/\\\/www.emsplace.eu\\\/wp-content\\\/uploads\\\/SIDEC_2025_website_banner_01.png\",\"width\":600,\"height\":300},{\"@type\":\"BreadcrumbList\",\"@id\":\"https:\\\/\\\/www.emsplace.eu\\\/novice\\\/sidec-2025\\\/#breadcrumb\",\"itemListElement\":[{\"@type\":\"ListItem\",\"position\":1,\"name\":\"Home\",\"item\":\"https:\\\/\\\/www.emsplace.eu\\\/en\\\/\"},{\"@type\":\"ListItem\",\"position\":2,\"name\":\"EMSplace na sejmu SIDEC 2025 v Celju\"}]},{\"@type\":\"WebSite\",\"@id\":\"https:\\\/\\\/www.emsplace.eu\\\/#website\",\"url\":\"https:\\\/\\\/www.emsplace.eu\\\/\",\"name\":\"emsplace.eu\",\"description\":\"\",\"publisher\":{\"@id\":\"https:\\\/\\\/www.emsplace.eu\\\/#organization\"},\"potentialAction\":[{\"@type\":\"SearchAction\",\"target\":{\"@type\":\"EntryPoint\",\"urlTemplate\":\"https:\\\/\\\/www.emsplace.eu\\\/?s={search_term_string}\"},\"query-input\":{\"@type\":\"PropertyValueSpecification\",\"valueRequired\":true,\"valueName\":\"search_term_string\"}}],\"inLanguage\":\"de\"},{\"@type\":\"Organization\",\"@id\":\"https:\\\/\\\/www.emsplace.eu\\\/#organization\",\"name\":\"emsplace.eu\",\"url\":\"https:\\\/\\\/www.emsplace.eu\\\/\",\"logo\":{\"@type\":\"ImageObject\",\"inLanguage\":\"de\",\"@id\":\"https:\\\/\\\/www.emsplace.eu\\\/#\\\/schema\\\/logo\\\/image\\\/\",\"url\":\"https:\\\/\\\/www.emsplace.eu\\\/wp-content\\\/uploads\\\/2020\\\/09\\\/emsplace-white.png\",\"contentUrl\":\"https:\\\/\\\/www.emsplace.eu\\\/wp-content\\\/uploads\\\/2020\\\/09\\\/emsplace-white.png\",\"width\":800,\"height\":443,\"caption\":\"emsplace.eu\"},\"image\":{\"@id\":\"https:\\\/\\\/www.emsplace.eu\\\/#\\\/schema\\\/logo\\\/image\\\/\"}},{\"@type\":\"Person\",\"@id\":\"https:\\\/\\\/www.emsplace.eu\\\/#\\\/schema\\\/person\\\/68499f2f57c99fff7dd3ed1ca75e9eba\",\"name\":\"sebastjanb\",\"image\":{\"@type\":\"ImageObject\",\"inLanguage\":\"de\",\"@id\":\"https:\\\/\\\/secure.gravatar.com\\\/avatar\\\/77d7bb31c86f6c3a39f7e5e4f292f04df4c1cce7bd5c84b5ecc39ccf2e965068?s=96&d=mm&r=g\",\"url\":\"https:\\\/\\\/secure.gravatar.com\\\/avatar\\\/77d7bb31c86f6c3a39f7e5e4f292f04df4c1cce7bd5c84b5ecc39ccf2e965068?s=96&d=mm&r=g\",\"contentUrl\":\"https:\\\/\\\/secure.gravatar.com\\\/avatar\\\/77d7bb31c86f6c3a39f7e5e4f292f04df4c1cce7bd5c84b5ecc39ccf2e965068?s=96&d=mm&r=g\",\"caption\":\"sebastjanb\"},\"url\":\"https:\\\/\\\/www.emsplace.eu\\\/de\\\/novice\\\/author\\\/sebastjanb\\\/\"}]}<\/script>\n<!-- \/ Yoast SEO plugin. -->","yoast_head_json":{"title":"EMSplace auf der Messe SIDEC 2025 in Celje","description":"Vom 21. bis 24. Oktober 2025 werden wir auf der SIDEC 2025 Messe in Celje vertreten sein.","robots":{"index":"index","follow":"follow","max-snippet":"max-snippet:-1","max-image-preview":"max-image-preview:large","max-video-preview":"max-video-preview:-1"},"canonical":"https:\/\/www.emsplace.eu\/de\/nachrichten\/sidec-2025\/","og_locale":"de_DE","og_type":"article","og_title":"EMSplace na sejmu SIDEC 2025 v Celju","og_description":"Med 21. in 24. oktobrom 2025 bomo prisotni na sejmu SIDEC 2025 v Celju.","og_url":"https:\/\/www.emsplace.eu\/de\/nachrichten\/sidec-2025\/","og_site_name":"emsplace.eu","article_published_time":"2025-09-24T07:41:34+00:00","article_modified_time":"2025-11-12T14:33:27+00:00","og_image":[{"width":600,"height":300,"url":"https:\/\/www.emsplace.eu\/wp-content\/uploads\/SIDEC_2025_website_banner_01.png","type":"image\/png"}],"author":"sebastjanb","twitter_card":"summary_large_image","twitter_misc":{"Verfasst von":"sebastjanb","Gesch\u00e4tzte Lesezeit":"2\u00a0Minuten"},"schema":{"@context":"https:\/\/schema.org","@graph":[{"@type":"Article","@id":"https:\/\/www.emsplace.eu\/novice\/sidec-2025\/#article","isPartOf":{"@id":"https:\/\/www.emsplace.eu\/novice\/sidec-2025\/"},"author":{"name":"sebastjanb","@id":"https:\/\/www.emsplace.eu\/#\/schema\/person\/68499f2f57c99fff7dd3ed1ca75e9eba"},"headline":"EMSplace na sejmu SIDEC 2025 v Celju","datePublished":"2025-09-24T07:41:34+00:00","dateModified":"2025-11-12T14:33:27+00:00","mainEntityOfPage":{"@id":"https:\/\/www.emsplace.eu\/novice\/sidec-2025\/"},"wordCount":212,"publisher":{"@id":"https:\/\/www.emsplace.eu\/#organization"},"image":{"@id":"https:\/\/www.emsplace.eu\/novice\/sidec-2025\/#primaryimage"},"thumbnailUrl":"https:\/\/www.emsplace.eu\/wp-content\/uploads\/SIDEC_2025_website_banner_01.png","articleSection":["Novice"],"inLanguage":"de"},{"@type":"WebPage","@id":"https:\/\/www.emsplace.eu\/novice\/sidec-2025\/","url":"https:\/\/www.emsplace.eu\/novice\/sidec-2025\/","name":"EMSplace auf der Messe SIDEC 2025 in Celje","isPartOf":{"@id":"https:\/\/www.emsplace.eu\/#website"},"primaryImageOfPage":{"@id":"https:\/\/www.emsplace.eu\/novice\/sidec-2025\/#primaryimage"},"image":{"@id":"https:\/\/www.emsplace.eu\/novice\/sidec-2025\/#primaryimage"},"thumbnailUrl":"https:\/\/www.emsplace.eu\/wp-content\/uploads\/SIDEC_2025_website_banner_01.png","datePublished":"2025-09-24T07:41:34+00:00","dateModified":"2025-11-12T14:33:27+00:00","description":"Vom 21. bis 24. Oktober 2025 werden wir auf der SIDEC 2025 Messe in Celje vertreten sein.","breadcrumb":{"@id":"https:\/\/www.emsplace.eu\/novice\/sidec-2025\/#breadcrumb"},"inLanguage":"de","potentialAction":[{"@type":"ReadAction","target":["https:\/\/www.emsplace.eu\/novice\/sidec-2025\/"]}]},{"@type":"ImageObject","inLanguage":"de","@id":"https:\/\/www.emsplace.eu\/novice\/sidec-2025\/#primaryimage","url":"https:\/\/www.emsplace.eu\/wp-content\/uploads\/SIDEC_2025_website_banner_01.png","contentUrl":"https:\/\/www.emsplace.eu\/wp-content\/uploads\/SIDEC_2025_website_banner_01.png","width":600,"height":300},{"@type":"BreadcrumbList","@id":"https:\/\/www.emsplace.eu\/novice\/sidec-2025\/#breadcrumb","itemListElement":[{"@type":"ListItem","position":1,"name":"Home","item":"https:\/\/www.emsplace.eu\/en\/"},{"@type":"ListItem","position":2,"name":"EMSplace na sejmu SIDEC 2025 v Celju"}]},{"@type":"WebSite","@id":"https:\/\/www.emsplace.eu\/#website","url":"https:\/\/www.emsplace.eu\/","name":"emsplace.eu\/de","description":"","publisher":{"@id":"https:\/\/www.emsplace.eu\/#organization"},"potentialAction":[{"@type":"SearchAction","target":{"@type":"EntryPoint","urlTemplate":"https:\/\/www.emsplace.eu\/?s={search_term_string}"},"query-input":{"@type":"PropertyValueSpecification","valueRequired":true,"valueName":"search_term_string"}}],"inLanguage":"de"},{"@type":"Organization","@id":"https:\/\/www.emsplace.eu\/#organization","name":"emsplace.eu\/de","url":"https:\/\/www.emsplace.eu\/","logo":{"@type":"ImageObject","inLanguage":"de","@id":"https:\/\/www.emsplace.eu\/#\/schema\/logo\/image\/","url":"https:\/\/www.emsplace.eu\/wp-content\/uploads\/2020\/09\/emsplace-white.png","contentUrl":"https:\/\/www.emsplace.eu\/wp-content\/uploads\/2020\/09\/emsplace-white.png","width":800,"height":443,"caption":"emsplace.eu"},"image":{"@id":"https:\/\/www.emsplace.eu\/#\/schema\/logo\/image\/"}},{"@type":"Person","@id":"https:\/\/www.emsplace.eu\/#\/schema\/person\/68499f2f57c99fff7dd3ed1ca75e9eba","name":"sebastjanb","image":{"@type":"ImageObject","inLanguage":"de","@id":"https:\/\/secure.gravatar.com\/avatar\/77d7bb31c86f6c3a39f7e5e4f292f04df4c1cce7bd5c84b5ecc39ccf2e965068?s=96&d=mm&r=g","url":"https:\/\/secure.gravatar.com\/avatar\/77d7bb31c86f6c3a39f7e5e4f292f04df4c1cce7bd5c84b5ecc39ccf2e965068?s=96&d=mm&r=g","contentUrl":"https:\/\/secure.gravatar.com\/avatar\/77d7bb31c86f6c3a39f7e5e4f292f04df4c1cce7bd5c84b5ecc39ccf2e965068?s=96&d=mm&r=g","caption":"sebastjanb"},"url":"https:\/\/www.emsplace.eu\/de\/novice\/author\/sebastjanb\/"}]}},"_links":{"self":[{"href":"https:\/\/www.emsplace.eu\/de\/wp-json\/wp\/v2\/posts\/3414","targetHints":{"allow":["GET"]}}],"collection":[{"href":"https:\/\/www.emsplace.eu\/de\/wp-json\/wp\/v2\/posts"}],"about":[{"href":"https:\/\/www.emsplace.eu\/de\/wp-json\/wp\/v2\/types\/post"}],"author":[{"embeddable":true,"href":"https:\/\/www.emsplace.eu\/de\/wp-json\/wp\/v2\/users\/16"}],"replies":[{"embeddable":true,"href":"https:\/\/www.emsplace.eu\/de\/wp-json\/wp\/v2\/comments?post=3414"}],"version-history":[{"count":16,"href":"https:\/\/www.emsplace.eu\/de\/wp-json\/wp\/v2\/posts\/3414\/revisions"}],"predecessor-version":[{"id":3451,"href":"https:\/\/www.emsplace.eu\/de\/wp-json\/wp\/v2\/posts\/3414\/revisions\/3451"}],"wp:featuredmedia":[{"embeddable":true,"href":"https:\/\/www.emsplace.eu\/de\/wp-json\/wp\/v2\/media\/3417"}],"wp:attachment":[{"href":"https:\/\/www.emsplace.eu\/de\/wp-json\/wp\/v2\/media?parent=3414"}],"wp:term":[{"taxonomy":"category","embeddable":true,"href":"https:\/\/www.emsplace.eu\/de\/wp-json\/wp\/v2\/categories?post=3414"},{"taxonomy":"post_tag","embeddable":true,"href":"https:\/\/www.emsplace.eu\/de\/wp-json\/wp\/v2\/tags?post=3414"}],"curies":[{"name":"wp","href":"https:\/\/api.w.org\/{rel}","templated":true}]}}